{"id":318,"date":"2021-03-17T14:15:32","date_gmt":"2021-03-17T13:15:32","guid":{"rendered":"http:\/\/biblioteka.strzelce.pl\/?p=318"},"modified":"2021-03-17T14:15:32","modified_gmt":"2021-03-17T13:15:32","slug":"narodowy-spis-powszechny-ludnosci-i-mieszkan-2021","status":"publish","type":"post","link":"https:\/\/biblioteka.strzelce.pl\/?p=318","title":{"rendered":"Narodowy Spis Powszechny Ludno\u015bci i Mieszka\u0144 2021"},"content":{"rendered":"\n<p>1 kwietnia br. rozpoczyna si\u0119 Narodowy Spis Powszechny Ludno\u015bci i Mieszka\u0144 2021<\/p>\n\n\n\n<p>Ju\u017c dzisiaj, specjalnie dla Ciebie uruchomili\u015bmy INFOLINI\u0118 SPISOW\u0104! (22 279 99 99) , na kt\u00f3rej mo\u017cesz uzyska\u0107 wszelkie informacje na temat\u00a0<a href=\"https:\/\/www.facebook.com\/hashtag\/nsp2021?__eep__=6&amp;source=feed_text&amp;epa=HASHTAG&amp;__xts__%5B0%5D=68.ARAd8J1I_MjQafuT2_xnW6LjJyE9-NgATHTBdDRYMPvkgJ5AiVN9a4ESmQ7ygb9Z2f0V4j5Ad1UJG2jbacQcQsbVE3BPuLrcqVQB6AqLZG3cx4VkzUj1wxFX7LK4DijKDbvC31hV1oxpGCAtvQ4wosQ31QPVUr9I2x0RyVAuQES4o15s5VK9J5mV47bUHUf3hx4TlCq6VKq8GUswJDZr3S_T2Q0PwewVS3-qD0SN3rFs7bfLeIhH8AX5ItnIVEasc90aTvDQ6Ms0HL3ElX2QITeFO3qlxjotqpWSmOBP-rEoYtkrdd0&amp;__tn__=%2ANK-R\">#NSP2021<\/a>.<br><br>Wi\u0119cej informacji dotycz\u0105cych spisu znajdziesz tak\u017ce na stronie internetowej\u00a0<a rel=\"noreferrer noopener\" href=\"https:\/\/l.facebook.com\/l.php?u=https%3A%2F%2Fspis.gov.pl%2F&amp;h=AT3HihX786DzVsfMG7GP6iAiBaQz0an_6ekSfYu5HKN9-ImYMF9NuflBLfAL_dInAQpU8JSNEZmRPqji-UoAsnUOz1DCDtVwFVFmHMIbZrJytvb7OMWWFlIL7EOmTkRJsQNjbaXWtk2-MqgU-qK5vpYFKZCeRBXGQxfbIbGzUwXmW__drRg4HQ88ChTlqoA6C2VQqRkg7J2Xgfw4LNy35yB8UnNnkOc1e4lzQ0l7GP9gCDc_XAVEvh5r0D5WoOJFE-nooYjtt2Z_Q8U2XqwGts5pn961XKntW27Avwlc-JFfFjV4-jnXK1Jb-GDoMwlkiUZdFqjryPCC6h1K0HGQj-uLn8Itsh5BxNkkn9XEpKCYZR9qDHxljfaLBKHVWbj26a_2ciPU4Zx8qx3CiFz0x2UB79t7RBjbUzapzzzjUaSEosxinr4Bv1MCk18p2bpwe2JMsdi7qskNtcB-RzdlSbJEwq7wCXunBMQYY2LKhiyVNNQBIkx0PJEe1S-FkB6i8ifnzdMXxNj85XgD_AxA7ykgT4QqecLu91xOf7yPdMOpDc7-VGneiw9x1zpeGjSzEbaUrm-SdBdFSih2QSmE641PgQhOnEJg\" target=\"_blank\">https:\/\/spis.gov.pl\/<\/a><br><a href=\"https:\/\/www.facebook.com\/hashtag\/liczysi%C4%99ka%C5%BCdy?__eep__=6&amp;source=feed_text&amp;epa=HASHTAG&amp;__xts__%5B0%5D=68.ARAd8J1I_MjQafuT2_xnW6LjJyE9-NgATHTBdDRYMPvkgJ5AiVN9a4ESmQ7ygb9Z2f0V4j5Ad1UJG2jbacQcQsbVE3BPuLrcqVQB6AqLZG3cx4VkzUj1wxFX7LK4DijKDbvC31hV1oxpGCAtvQ4wosQ31QPVUr9I2x0RyVAuQES4o15s5VK9J5mV47bUHUf3hx4TlCq6VKq8GUswJDZr3S_T2Q0PwewVS3-qD0SN3rFs7bfLeIhH8AX5ItnIVEasc90aTvDQ6Ms0HL3ElX2QITeFO3qlxjotqpWSmOBP-rEoYtkrdd0&amp;__tn__=%2ANK-R\">#LiczySi\u0119Ka\u017cdy<\/a><a href=\"https:\/\/www.facebook.com\/hashtag\/liczymysi%C4%99dlapolski?__eep__=6&amp;source=feed_text&amp;epa=HASHTAG&amp;__xts__%5B0%5D=68.ARAd8J1I_MjQafuT2_xnW6LjJyE9-NgATHTBdDRYMPvkgJ5AiVN9a4ESmQ7ygb9Z2f0V4j5Ad1UJG2jbacQcQsbVE3BPuLrcqVQB6AqLZG3cx4VkzUj1wxFX7LK4DijKDbvC31hV1oxpGCAtvQ4wosQ31QPVUr9I2x0RyVAuQES4o15s5VK9J5mV47bUHUf3hx4TlCq6VKq8GUswJDZr3S_T2Q0PwewVS3-qD0SN3rFs7bfLeIhH8AX5ItnIVEasc90aTvDQ6Ms0HL3ElX2QITeFO3qlxjotqpWSmOBP-rEoYtkrdd0&amp;__tn__=%2ANK-R\">#LiczymySi\u0119DlaPolski<\/a><\/p>\n\n\n","protected":false},"excerpt":{"rendered":"<p>1 kwietnia br. rozpoczyna si\u0119 Narodowy Spis Powszechny Ludno\u015bci i Mieszka\u0144 2021 Ju\u017c dzisiaj, specjalnie dla Ciebie uruchomili\u015bmy INFOLINI\u0118 SPISOW\u0104! (22 279 99 99) , na kt\u00f3rej mo\u017cesz uzyska\u0107 wszelkie informacje na temat\u00a0#NSP2021. Wi\u0119cej informacji dotycz\u0105cych spisu znajdziesz tak\u017ce na stronie internetowej\u00a0https:\/\/spis.gov.pl\/#LiczySi\u0119Ka\u017cdy#LiczymySi\u0119DlaPolski<\/p>\n","protected":false},"author":1,"featured_media":319,"comment_status":"closed","ping_status":"closed","sticky":false,"template":"","format":"standard","meta":{"footnotes":""},"categories":[3],"tags":[],"class_list":["post-318","post","type-post","status-publish","format-standard","has-post-thumbnail","hentry","category-aktualnosci"],"_links":{"self":[{"href":"https:\/\/biblioteka.strzelce.pl\/index.php?rest_route=\/wp\/v2\/posts\/318","targetHints":{"allow":["GET"]}}],"collection":[{"href":"https:\/\/biblioteka.strzelce.pl\/index.php?rest_route=\/wp\/v2\/posts"}],"about":[{"href":"https:\/\/biblioteka.strzelce.pl\/index.php?rest_route=\/wp\/v2\/types\/post"}],"author":[{"embeddable":true,"href":"https:\/\/biblioteka.strzelce.pl\/index.php?rest_route=\/wp\/v2\/users\/1"}],"replies":[{"embeddable":true,"href":"https:\/\/biblioteka.strzelce.pl\/index.php?rest_route=%2Fwp%2Fv2%2Fcomments&post=318"}],"version-history":[{"count":1,"href":"https:\/\/biblioteka.strzelce.pl\/index.php?rest_route=\/wp\/v2\/posts\/318\/revisions"}],"predecessor-version":[{"id":320,"href":"https:\/\/biblioteka.strzelce.pl\/index.php?rest_route=\/wp\/v2\/posts\/318\/revisions\/320"}],"wp:featuredmedia":[{"embeddable":true,"href":"https:\/\/biblioteka.strzelce.pl\/index.php?rest_route=\/wp\/v2\/media\/319"}],"wp:attachment":[{"href":"https:\/\/biblioteka.strzelce.pl\/index.php?rest_route=%2Fwp%2Fv2%2Fmedia&parent=318"}],"wp:term":[{"taxonomy":"category","embeddable":true,"href":"https:\/\/biblioteka.strzelce.pl\/index.php?rest_route=%2Fwp%2Fv2%2Fcategories&post=318"},{"taxonomy":"post_tag","embeddable":true,"href":"https:\/\/biblioteka.strzelce.pl\/index.php?rest_route=%2Fwp%2Fv2%2Ftags&post=318"}],"curies":[{"name":"wp","href":"https:\/\/api.w.org\/{rel}","templated":true}]}}